{"id":7277,"date":"2024-04-16T10:54:18","date_gmt":"2024-04-16T11:54:18","guid":{"rendered":"https:\/\/backend-ugpe.gov.cv\/?post_type=noticias&#038;p=7277"},"modified":"2024-04-16T11:05:46","modified_gmt":"2024-04-16T12:05:46","slug":"coordenador-da-ugpe-representa-cabo-verde-nas-reunioes-de-primavera-do-fmi-e-do-banco-mundial","status":"publish","type":"noticias","link":"https:\/\/backend-ugpe.gov.cv\/en\/noticias\/coordenador-da-ugpe-representa-cabo-verde-nas-reunioes-de-primavera-do-fmi-e-do-banco-mundial\/","title":{"rendered":"UGPE coordinator represents Cape Verde at IMF and World Bank Spring Meetings"},"content":{"rendered":"<p>The Coordinator of the Special Projects Management Unit, Eng. Nuno Gomes, is part of a Cape Verdean delegation that is in Washington, USA, from April 17 to 19, to take part in the Spring Meetings of the Boards of Governors of the International Monetary Fund (IMF) and the World Bank Group (WBG).<\/p>\n<p>&nbsp;<\/p>\n<p>The delegation is led by the Deputy Prime Minister and Minister of Finance and Business Development, Olavo Correia.<\/p>\n<p>&nbsp;<\/p>\n<p>The group includes leading figures such as Cape Verde&#8217;s Ambassador to Washington, Dr. Jos\u00e9 Lu\u00eds Livramento, the Governor of the Bank of Cape Verde, Dr. \u00d3scar Santos, the National Director of Planning, Dr. Gilson Pina, and the Director General of the Treasury, Dr. Soeli Santos.<\/p>\n<p>&nbsp;<\/p>\n<p>This high-level representation underlines Cape Verde&#8217;s commitment to strengthening its international relations and collaborations, as well as seeking support and strategic partnerships for national development.<\/p>\n<p>Ministry of Finance and Business Development<br \/>\nWorld Bank<\/p>\n<p>Find out more at:<br \/>\nhttps:\/\/www.facebook.com\/photo?fbid=975826177241826&#038;set=a.471553491002433<\/p>","protected":false},"template":"","meta":{"om_disable_all_campaigns":false,"_mi_skip_tracking":false,"_monsterinsights_sitenote_active":false,"_monsterinsights_sitenote_note":"","_monsterinsights_sitenote_category":0,"site-sidebar-layout":"default","site-content-layout":"default","ast-global-header-display":"","ast-main-header-display":"","ast-hfb-above-header-display":"","ast-hfb-below-header-display":"","ast-hfb-mobile-header-display":"","site-post-title":"","ast-breadcrumbs-content":"","ast-featured-img":"","footer-sml-layout":"","theme-transparent-header-meta":"default","adv-header-id-meta":"","stick-header-meta":"","header-above-stick-meta":"","header-main-stick-meta":"","header-below-stick-meta":""},"categories":[],"categoria_da_noticia":[112],"class_list":["post-7277","noticias","type-noticias","status-publish","hentry","categoria_da_noticia-ugpe"],"acf":{"resumo_da_noticia":"","imagem":{"ID":7278,"id":7278,"title":"437382364_976178090539968_5739237072206268772_n","filename":"437382364_976178090539968_5739237072206268772_n.jpg","filesize":65033,"url":"https:\/\/backend-ugpe.gov.cv\/wp-content\/uploads\/2024\/04\/437382364_976178090539968_5739237072206268772_n.jpg","link":"https:\/\/backend-ugpe.gov.cv\/en\/noticias\/coordenador-da-ugpe-representa-cabo-verde-nas-reunioes-de-primavera-do-fmi-e-do-banco-mundial\/437382364_976178090539968_5739237072206268772_n\/","alt":"437382364_976178090539968_5739237072206268772_n","author":"13","description":"437382364_976178090539968_5739237072206268772_n","caption":"437382364_976178090539968_5739237072206268772_n","name":"437382364_976178090539968_5739237072206268772_n","status":"inherit","uploaded_to":7277,"date":"2024-04-16 11:46:33","modified":"2024-04-16 11:46:43","menu_order":0,"mime_type":"image\/jpeg","type":"image","subtype":"jpeg","icon":"https:\/\/backend-ugpe.gov.cv\/wp-includes\/images\/media\/default.png","width":680,"height":510,"sizes":{"thumbnail":"https:\/\/backend-ugpe.gov.cv\/wp-content\/uploads\/2024\/04\/437382364_976178090539968_5739237072206268772_n-150x150.jpg","thumbnail-width":150,"thumbnail-height":150,"medium":"https:\/\/backend-ugpe.gov.cv\/wp-content\/uploads\/2024\/04\/437382364_976178090539968_5739237072206268772_n-300x225.jpg","medium-width":300,"medium-height":225,"medium_large":"https:\/\/backend-ugpe.gov.cv\/wp-content\/uploads\/2024\/04\/437382364_976178090539968_5739237072206268772_n.jpg","medium_large-width":680,"medium_large-height":510,"large":"https:\/\/backend-ugpe.gov.cv\/wp-content\/uploads\/2024\/04\/437382364_976178090539968_5739237072206268772_n.jpg","large-width":680,"large-height":510,"1536x1536":"https:\/\/backend-ugpe.gov.cv\/wp-content\/uploads\/2024\/04\/437382364_976178090539968_5739237072206268772_n.jpg","1536x1536-width":680,"1536x1536-height":510,"2048x2048":"https:\/\/backend-ugpe.gov.cv\/wp-content\/uploads\/2024\/04\/437382364_976178090539968_5739237072206268772_n.jpg","2048x2048-width":680,"2048x2048-height":510}},"atividade":false},"_links":{"self":[{"href":"https:\/\/backend-ugpe.gov.cv\/en\/wp-json\/wp\/v2\/noticias\/7277","targetHints":{"allow":["GET"]}}],"collection":[{"href":"https:\/\/backend-ugpe.gov.cv\/en\/wp-json\/wp\/v2\/noticias"}],"about":[{"href":"https:\/\/backend-ugpe.gov.cv\/en\/wp-json\/wp\/v2\/types\/noticias"}],"wp:attachment":[{"href":"https:\/\/backend-ugpe.gov.cv\/en\/wp-json\/wp\/v2\/media?parent=7277"}],"wp:term":[{"taxonomy":"category","embeddable":true,"href":"https:\/\/backend-ugpe.gov.cv\/en\/wp-json\/wp\/v2\/categories?post=7277"},{"taxonomy":"categoria_da_noticia","embeddable":true,"href":"https:\/\/backend-ugpe.gov.cv\/en\/wp-json\/wp\/v2\/categoria_da_noticia?post=7277"}],"curies":[{"name":"wp","href":"https:\/\/api.w.org\/{rel}","templated":true}]}}