{"id":5437,"date":"2023-07-03T15:23:18","date_gmt":"2023-07-03T16:23:18","guid":{"rendered":"https:\/\/backend-ugpe.gov.cv\/?post_type=noticias&#038;p=5437"},"modified":"2023-07-03T16:24:34","modified_gmt":"2023-07-03T17:24:34","slug":"consultas-as-partes-interessadas-realizadas-no-ambito-da-concecao-do-se","status":"publish","type":"noticias","link":"https:\/\/backend-ugpe.gov.cv\/en\/noticias\/consultas-as-partes-interessadas-realizadas-no-ambito-da-concecao-do-se\/","title":{"rendered":"Stakeholder consultations carried out as part of the SEP design"},"content":{"rendered":"<p class=\"qtranxs-available-languages-message qtranxs-available-languages-message-en\">    <\/p><p><\/p>\n<ul>\n<li><em><strong><span style=\"font-size: 14px;\">Reabilita\u00e7\u00e3o da orla costeira de Praia Baixo\u00a0<\/span><\/strong><\/em><\/li>\n<\/ul>\n<table width=\"0\">\n<tbody>\n<tr>\n<td width=\"138\"><span style=\"font-size: 14px;\">SUBPROJECTO\u00a0<\/span><\/td>\n<td width=\"428\"><span style=\"font-size: 14px;\">REABILITA\u00c7\u00c3O DA ORLA COSTEIRA DE PRAIA BAIXO\u00a0<\/span><\/td>\n<\/tr>\n<tr>\n<td width=\"138\"><span style=\"font-size: 14px;\">MUNIC\u00cdPIO\/ILHA\u00a0<\/span><\/td>\n<td width=\"428\"><span style=\"font-size: 14px;\">S\u00e3o Domingos \u2013 Santiago\u00a0<\/span><\/td>\n<\/tr>\n<\/tbody>\n<\/table>\n<ul>\n<li><em><strong><span style=\"font-size: 14px;\">Requalifica\u00e7\u00e3o urbana de Rinc\u00e3o\u00a0<\/span><\/strong><\/em><\/li>\n<\/ul>\n<table width=\"0\">\n<tbody>\n<tr>\n<td width=\"138\"><span style=\"font-size: 14px;\">SUBPROJECTO\u00a0<\/span><\/td>\n<td width=\"428\"><span style=\"font-size: 14px;\">REABILITA\u00c7\u00c3O DA ORLA COSTEIRA DE RINC\u00c3O\u00a0<\/span><\/td>\n<\/tr>\n<tr>\n<td width=\"138\"><span style=\"font-size: 14px;\">MUNIC\u00cdPIO\/ILHA\u00a0<\/span><\/td>\n<td width=\"428\"><span style=\"font-size: 14px;\">Santa Catarina \u2013 Santiago\u00a0\u00a0<\/span><\/td>\n<\/tr>\n<\/tbody>\n<\/table>\n<ul>\n<li><em><strong><span style=\"font-size: 14px;\">Reabilita\u00e7\u00e3o da Estrada Pingo-Chuva \u2013Saltos<\/span><\/strong><\/em><\/li>\n<\/ul>\n<table style=\"width: 100%; height: 101px;\" width=\"0\">\n<tbody>\n<tr style=\"height: 39px;\">\n<td style=\"height: 39px;\" width=\"138\"><span style=\"font-size: 14px;\">SUBPROJECTO\u00a0<\/span><\/td>\n<td style=\"height: 39px;\" width=\"428\"><span style=\"font-size: 14px;\">REABILITA\u00c7\u00c3O DA ESTRADA PINGO-CHUVA \u2013SALTOS\u00a0<\/span><\/td>\n<\/tr>\n<tr style=\"height: 62px;\">\n<td style=\"height: 62px;\" width=\"138\"><span style=\"font-size: 14px;\">MUNIC\u00cdPIO\/ILHA\u00a0<\/span><\/td>\n<td style=\"height: 62px;\" width=\"428\"><span style=\"font-size: 14px;\">Santa Catarina \u2013 Santiago\u00a0<\/span><\/td>\n<\/tr>\n<\/tbody>\n<\/table>\n<p><\/p>","protected":false},"template":"","meta":{"om_disable_all_campaigns":false,"_mi_skip_tracking":false,"_monsterinsights_sitenote_active":false,"_monsterinsights_sitenote_note":"","_monsterinsights_sitenote_category":0,"site-sidebar-layout":"default","site-content-layout":"default","ast-global-header-display":"","ast-main-header-display":"","ast-hfb-above-header-display":"","ast-hfb-below-header-display":"","ast-hfb-mobile-header-display":"","site-post-title":"","ast-breadcrumbs-content":"","ast-featured-img":"","footer-sml-layout":"","theme-transparent-header-meta":"default","adv-header-id-meta":"","stick-header-meta":"","header-above-stick-meta":"","header-main-stick-meta":"","header-below-stick-meta":""},"categories":[],"categoria_da_noticia":[89],"class_list":["post-5437","noticias","type-noticias","status-publish","hentry","categoria_da_noticia-salvaguarda-ambiental-e-social"],"acf":{"resumo_da_noticia":"","imagem":{"ID":5440,"id":5440,"title":"Rcomunit","filename":"Rcomunit.jpg","filesize":81268,"url":"https:\/\/backend-ugpe.gov.cv\/wp-content\/uploads\/2023\/07\/Rcomunit.jpg","link":"https:\/\/backend-ugpe.gov.cv\/en\/eventos\/consultas-as-partes-interessadas-realizadas-no-ambito-da-concecao-do-sep\/rcomunit\/","alt":"Rcomunit","author":"13","description":"Rcomunit","caption":"Rcomunit","name":"rcomunit","status":"inherit","uploaded_to":5438,"date":"2023-07-03 16:14:03","modified":"2023-07-03 16:14:13","menu_order":0,"mime_type":"image\/jpeg","type":"image","subtype":"jpeg","icon":"https:\/\/backend-ugpe.gov.cv\/wp-includes\/images\/media\/default.png","width":828,"height":621,"sizes":{"thumbnail":"https:\/\/backend-ugpe.gov.cv\/wp-content\/uploads\/2023\/07\/Rcomunit-150x150.jpg","thumbnail-width":150,"thumbnail-height":150,"medium":"https:\/\/backend-ugpe.gov.cv\/wp-content\/uploads\/2023\/07\/Rcomunit-300x225.jpg","medium-width":300,"medium-height":225,"medium_large":"https:\/\/backend-ugpe.gov.cv\/wp-content\/uploads\/2023\/07\/Rcomunit-768x576.jpg","medium_large-width":768,"medium_large-height":576,"large":"https:\/\/backend-ugpe.gov.cv\/wp-content\/uploads\/2023\/07\/Rcomunit.jpg","large-width":828,"large-height":621,"1536x1536":"https:\/\/backend-ugpe.gov.cv\/wp-content\/uploads\/2023\/07\/Rcomunit.jpg","1536x1536-width":828,"1536x1536-height":621,"2048x2048":"https:\/\/backend-ugpe.gov.cv\/wp-content\/uploads\/2023\/07\/Rcomunit.jpg","2048x2048-width":828,"2048x2048-height":621}},"atividade":true,"area_de_intervencao_ambiental_e_social":{"ID":5073,"post_author":"10","post_date":"2023-04-26 09:32:14","post_date_gmt":"2023-04-26 10:32:14","post_content":"","post_title":"Engagement of Stakeholders","post_excerpt":"","post_status":"publish","comment_status":"closed","ping_status":"closed","post_password":"","post_name":"engajamento-dos-stakeholders","to_ping":"","pinged":"","post_modified":"2023-05-24 15:15:16","post_modified_gmt":"2023-05-24 16:15:16","post_content_filtered":"","post_parent":0,"guid":"https:\/\/backend-ugpe.gov.cv\/?post_type=ambiental_e_social&#038;p=5073","menu_order":4,"post_type":"ambiental_e_social","post_mime_type":"","comment_count":"0","filter":"raw","post_title_ml":"[:pt]Engajamento dos Stakeholders[:en]Engagement of Stakeholders[:]","post_title_langs":{"pt":true,"en":true}},"projeto":{"ID":4420,"post_author":"13","post_date":"2023-02-08 12:02:50","post_date_gmt":"2023-02-08 13:02:50","post_content":"","post_title":"Improving Connectivity and Urban Infrastructure Project","post_excerpt":"","post_status":"publish","comment_status":"closed","ping_status":"closed","post_password":"","post_name":"projecto-melhorar-a-conectividade-e-as-infraestruturas-urbanas-em-cabo-verde","to_ping":"","pinged":"","post_modified":"2026-01-28 15:49:10","post_modified_gmt":"2026-01-28 16:49:10","post_content_filtered":"","post_parent":0,"guid":"https:\/\/backend-ugpe.gov.cv\/?post_type=projetos&#038;p=4420","menu_order":0,"post_type":"projetos","post_mime_type":"","comment_count":"0","filter":"raw","post_title_ml":"[:pt]Projecto Melhoria da Conectividade e Infraestruturas Urbanas em Cabo Verde[:en]Improving Connectivity and Urban Infrastructure Project[:]","post_title_langs":{"pt":true,"en":true}},"galeria":[{"ID":5438,"post_author":"13","post_date":"2023-07-03 15:21:46","post_date_gmt":"2023-07-03 16:21:46","post_content":"","post_title":"Stakeholder consultations carried out within the scope of SEP design","post_excerpt":"","post_status":"publish","comment_status":"closed","ping_status":"closed","post_password":"","post_name":"consultas-as-partes-interessadas-realizadas-no-ambito-da-concecao-do-sep","to_ping":"","pinged":"","post_modified":"2023-07-03 15:22:37","post_modified_gmt":"2023-07-03 16:22:37","post_content_filtered":"","post_parent":0,"guid":"https:\/\/backend-ugpe.gov.cv\/?post_type=eventos&#038;p=5438","menu_order":0,"post_type":"eventos","post_mime_type":"","comment_count":"0","filter":"raw","post_title_ml":"[:pt]Consultas \u00e0s partes interessadas realizadas no \u00e2mbito da conce\u00e7\u00e3o do SEP[:en]Stakeholder consultations carried out within the scope of SEP design[:]","post_title_langs":{"pt":true,"en":true}}]},"_links":{"self":[{"href":"https:\/\/backend-ugpe.gov.cv\/en\/wp-json\/wp\/v2\/noticias\/5437","targetHints":{"allow":["GET"]}}],"collection":[{"href":"https:\/\/backend-ugpe.gov.cv\/en\/wp-json\/wp\/v2\/noticias"}],"about":[{"href":"https:\/\/backend-ugpe.gov.cv\/en\/wp-json\/wp\/v2\/types\/noticias"}],"wp:attachment":[{"href":"https:\/\/backend-ugpe.gov.cv\/en\/wp-json\/wp\/v2\/media?parent=5437"}],"wp:term":[{"taxonomy":"category","embeddable":true,"href":"https:\/\/backend-ugpe.gov.cv\/en\/wp-json\/wp\/v2\/categories?post=5437"},{"taxonomy":"categoria_da_noticia","embeddable":true,"href":"https:\/\/backend-ugpe.gov.cv\/en\/wp-json\/wp\/v2\/categoria_da_noticia?post=5437"}],"curies":[{"name":"wp","href":"https:\/\/api.w.org\/{rel}","templated":true}]}}