{"id":5148,"date":"2023-05-08T16:34:56","date_gmt":"2023-05-08T17:34:56","guid":{"rendered":"https:\/\/backend-ugpe.gov.cv\/?post_type=noticias&#038;p=5148"},"modified":"2023-05-15T15:09:13","modified_gmt":"2023-05-15T16:09:13","slug":"ugpe-participa-da-acao-de-capacitacao-sobre-procurement","status":"publish","type":"noticias","link":"https:\/\/backend-ugpe.gov.cv\/en\/noticias\/ugpe-participa-da-acao-de-capacitacao-sobre-procurement\/","title":{"rendered":"UGPE participates in the training action on Procurement"},"content":{"rendered":"<p><\/p>\n<p style=\"text-align: justify;\">As in the previous year, the World Bank is promoting a training session on May 8 and 9 in Praia for employees of the Special Projects Management Unit and entities involved in the implementation of projects for which the UGPE is responsible for fiduciary execution. The objective is to develop and train the trainees so that they can use their individual and institutional skills more efficiently and effectively.<\/p>\n<p>&nbsp;<\/p>\n<p style=\"text-align: justify;\">This training is a good opportunity to boost the activities related to the implementation of ongoing projects, and is part of the World Bank&#8217;s mission on Procurement that will take place from May 8 to 12.<\/p>\n<p>&nbsp;<\/p>\n<p style=\"text-align: justify;\">The session will take place in the modality of group work and practical exercises, consisting in the elaboration of Terms of Reference and analysis of Evaluation Criteria for Consulting Proposals and qualification of works.<\/p>\n<p>&nbsp;<\/p>\n<p style=\"text-align: justify;\">It should be noted that UGPE&#8217;s Procurement department deals with contracting and acquisitions. It is responsible for planning, programming, contracting and contract management, of works, services and goods, within the legal and regulatory framework of procurement established by the funders.<\/p>\n<p><\/p>","protected":false},"template":"","meta":{"om_disable_all_campaigns":false,"_mi_skip_tracking":false,"_monsterinsights_sitenote_active":false,"_monsterinsights_sitenote_note":"","_monsterinsights_sitenote_category":0,"site-sidebar-layout":"default","site-content-layout":"default","ast-global-header-display":"","ast-main-header-display":"","ast-hfb-above-header-display":"","ast-hfb-below-header-display":"","ast-hfb-mobile-header-display":"","site-post-title":"","ast-breadcrumbs-content":"","ast-featured-img":"","footer-sml-layout":"","theme-transparent-header-meta":"default","adv-header-id-meta":"","stick-header-meta":"","header-above-stick-meta":"","header-main-stick-meta":"","header-below-stick-meta":""},"categories":[],"categoria_da_noticia":[107],"class_list":["post-5148","noticias","type-noticias","status-publish","hentry","categoria_da_noticia-procurement"],"acf":{"resumo_da_noticia":"","imagem":{"ID":5157,"id":5157,"title":"IMG_3434","filename":"IMG_3434-1.png","filesize":27713014,"url":"https:\/\/backend-ugpe.gov.cv\/wp-content\/uploads\/2023\/05\/IMG_3434-1.png","link":"https:\/\/backend-ugpe.gov.cv\/en\/noticias\/ugpe-participa-da-acao-de-capacitacao-sobre-procurement\/img_3434-2\/","alt":"IMG_3434","author":"13","description":"IMG_3434","caption":"IMG_3434","name":"img_3434-2","status":"inherit","uploaded_to":5148,"date":"2023-05-10 14:01:42","modified":"2023-05-10 14:02:58","menu_order":0,"mime_type":"image\/png","type":"image","subtype":"png","icon":"https:\/\/backend-ugpe.gov.cv\/wp-includes\/images\/media\/default.png","width":6000,"height":3371,"sizes":{"thumbnail":"https:\/\/backend-ugpe.gov.cv\/wp-content\/uploads\/2023\/05\/IMG_3434-1-150x150.png","thumbnail-width":150,"thumbnail-height":150,"medium":"https:\/\/backend-ugpe.gov.cv\/wp-content\/uploads\/2023\/05\/IMG_3434-1-300x169.png","medium-width":300,"medium-height":169,"medium_large":"https:\/\/backend-ugpe.gov.cv\/wp-content\/uploads\/2023\/05\/IMG_3434-1-768x431.png","medium_large-width":768,"medium_large-height":431,"large":"https:\/\/backend-ugpe.gov.cv\/wp-content\/uploads\/2023\/05\/IMG_3434-1-1024x575.png","large-width":1024,"large-height":575,"1536x1536":"https:\/\/backend-ugpe.gov.cv\/wp-content\/uploads\/2023\/05\/IMG_3434-1-1536x863.png","1536x1536-width":1536,"1536x1536-height":863,"2048x2048":"https:\/\/backend-ugpe.gov.cv\/wp-content\/uploads\/2023\/05\/IMG_3434-1-2048x1151.png","2048x2048-width":2048,"2048x2048-height":1151}},"atividade":false,"area_de_intervencao_ambiental_e_social":{"ID":5073,"post_author":"10","post_date":"2023-04-26 09:32:14","post_date_gmt":"2023-04-26 10:32:14","post_content":"","post_title":"Engagement of Stakeholders","post_excerpt":"","post_status":"publish","comment_status":"closed","ping_status":"closed","post_password":"","post_name":"engajamento-dos-stakeholders","to_ping":"","pinged":"","post_modified":"2023-05-24 15:15:16","post_modified_gmt":"2023-05-24 16:15:16","post_content_filtered":"","post_parent":0,"guid":"https:\/\/backend-ugpe.gov.cv\/?post_type=ambiental_e_social&#038;p=5073","menu_order":4,"post_type":"ambiental_e_social","post_mime_type":"","comment_count":"0","filter":"raw","post_title_ml":"[:pt]Engajamento dos Stakeholders[:en]Engagement of Stakeholders[:]","post_title_langs":{"pt":true,"en":true}},"projeto":{"ID":4420,"post_author":"13","post_date":"2023-02-08 12:02:50","post_date_gmt":"2023-02-08 13:02:50","post_content":"","post_title":"Improving Connectivity and Urban Infrastructure Project","post_excerpt":"","post_status":"publish","comment_status":"closed","ping_status":"closed","post_password":"","post_name":"projecto-melhorar-a-conectividade-e-as-infraestruturas-urbanas-em-cabo-verde","to_ping":"","pinged":"","post_modified":"2026-01-28 15:49:10","post_modified_gmt":"2026-01-28 16:49:10","post_content_filtered":"","post_parent":0,"guid":"https:\/\/backend-ugpe.gov.cv\/?post_type=projetos&#038;p=4420","menu_order":0,"post_type":"projetos","post_mime_type":"","comment_count":"0","filter":"raw","post_title_ml":"[:pt]Projecto Melhoria da Conectividade e Infraestruturas Urbanas em Cabo Verde[:en]Improving Connectivity and Urban Infrastructure Project[:]","post_title_langs":{"pt":true,"en":true}},"galeria":[{"ID":3180,"post_author":"13","post_date":"2022-05-26 10:18:27","post_date_gmt":"2022-05-26 11:18:27","post_content":"","post_title":"2nd Meeting of the Follow-up Committee of the Project Reinforcing Education and Skills Development","post_excerpt":"","post_status":"publish","comment_status":"closed","ping_status":"closed","post_password":"","post_name":"2a-reuniao-comite-de-seguimento-do-projeto-reforco-educacao-desenvolvimento-competencias","to_ping":"","pinged":"","post_modified":"2022-05-26 10:18:31","post_modified_gmt":"2022-05-26 11:18:31","post_content_filtered":"","post_parent":0,"guid":"https:\/\/backend-ugpe.gov.cv\/?post_type=eventos&#038;p=3180","menu_order":0,"post_type":"eventos","post_mime_type":"","comment_count":"0","filter":"raw","post_title_ml":"[:pt]2\u00aa Reuni\u00e3o Comit\u00e9 de Seguimento do Projeto Refor\u00e7o Educa\u00e7\u00e3o Desenvolvimento Compet\u00eancias[:en]2nd Meeting of the Follow-up Committee of the Project Reinforcing Education and Skills Development[:]","post_title_langs":{"pt":true,"en":true}}]},"_links":{"self":[{"href":"https:\/\/backend-ugpe.gov.cv\/en\/wp-json\/wp\/v2\/noticias\/5148","targetHints":{"allow":["GET"]}}],"collection":[{"href":"https:\/\/backend-ugpe.gov.cv\/en\/wp-json\/wp\/v2\/noticias"}],"about":[{"href":"https:\/\/backend-ugpe.gov.cv\/en\/wp-json\/wp\/v2\/types\/noticias"}],"wp:attachment":[{"href":"https:\/\/backend-ugpe.gov.cv\/en\/wp-json\/wp\/v2\/media?parent=5148"}],"wp:term":[{"taxonomy":"category","embeddable":true,"href":"https:\/\/backend-ugpe.gov.cv\/en\/wp-json\/wp\/v2\/categories?post=5148"},{"taxonomy":"categoria_da_noticia","embeddable":true,"href":"https:\/\/backend-ugpe.gov.cv\/en\/wp-json\/wp\/v2\/categoria_da_noticia?post=5148"}],"curies":[{"name":"wp","href":"https:\/\/api.w.org\/{rel}","templated":true}]}}