{"id":5112,"date":"2023-05-02T16:29:54","date_gmt":"2023-05-02T17:29:54","guid":{"rendered":"https:\/\/backend-ugpe.gov.cv\/?post_type=noticias&#038;p=5112"},"modified":"2023-05-15T15:15:32","modified_gmt":"2023-05-15T16:15:32","slug":"banco-mundial-analisa-avancos-alcancados-no-projeto-harmonizacao-e-melhoria-das-estatisticas-na-africa-ocidental","status":"publish","type":"noticias","link":"https:\/\/backend-ugpe.gov.cv\/en\/noticias\/banco-mundial-analisa-avancos-alcancados-no-projeto-harmonizacao-e-melhoria-das-estatisticas-na-africa-ocidental\/","title":{"rendered":"World Bank reviews progress achieved in the Harmonization and Improvement of Statistics in West Africa project"},"content":{"rendered":"<p><\/p>\n<p style=\"text-align: justify;\">In order to review the progress achieved so far in the Harmonization and Improvement of Statistics in West Africa (HISWA) Project, the World Bank is conducting a technical mission from May 2-12 to analyze the project management, including procurement and financial management.<\/p>\n<p>&nbsp;<\/p>\n<p style=\"text-align: justify;\">Accompanied by the project manager, Jos\u00e9 Moniz, the WB team started today, evaluation meetings with stakeholders and beneficiaries of the project, in order to agree on actions for the continued implementation of the project.<\/p>\n<p>&nbsp;<\/p>\n<p style=\"text-align: justify;\">The agenda also includes a trip to the island of S\u00e3o Vicente for a field visit to monitor the land registration activities underway, and following this a meeting will be held with the National Institute for Land Management on the next steps.<\/p>\n<p><\/p>","protected":false},"template":"","meta":{"om_disable_all_campaigns":false,"_mi_skip_tracking":false,"_monsterinsights_sitenote_active":false,"_monsterinsights_sitenote_note":"","_monsterinsights_sitenote_category":0,"site-sidebar-layout":"default","site-content-layout":"default","ast-global-header-display":"","ast-main-header-display":"","ast-hfb-above-header-display":"","ast-hfb-below-header-display":"","ast-hfb-mobile-header-display":"","site-post-title":"","ast-breadcrumbs-content":"","ast-featured-img":"","footer-sml-layout":"","theme-transparent-header-meta":"default","adv-header-id-meta":"","stick-header-meta":"","header-above-stick-meta":"","header-main-stick-meta":"","header-below-stick-meta":""},"categories":[],"categoria_da_noticia":[80],"class_list":["post-5112","noticias","type-noticias","status-publish","hentry","categoria_da_noticia-projeto-de-harmonizacao-e-melhorias-das-estatisticas"],"acf":{"resumo_da_noticia":"","imagem":{"ID":5113,"id":5113,"title":"IMG_3372","filename":"IMG_3372.png","filesize":27288340,"url":"https:\/\/backend-ugpe.gov.cv\/wp-content\/uploads\/2023\/05\/IMG_3372.png","link":"https:\/\/backend-ugpe.gov.cv\/en\/noticias\/banco-mundial-analisa-avancos-alcancados-no-projeto-harmonizacao-e-melhoria-das-estatisticas-na-africa-ocidental\/img_3372\/","alt":"IMG_3372","author":"13","description":"IMG_3372","caption":"IMG_3372","name":"img_3372","status":"inherit","uploaded_to":5112,"date":"2023-05-02 17:28:42","modified":"2023-05-02 17:29:44","menu_order":0,"mime_type":"image\/png","type":"image","subtype":"png","icon":"https:\/\/backend-ugpe.gov.cv\/wp-includes\/images\/media\/default.png","width":6000,"height":4000,"sizes":{"thumbnail":"https:\/\/backend-ugpe.gov.cv\/wp-content\/uploads\/2023\/05\/IMG_3372-150x150.png","thumbnail-width":150,"thumbnail-height":150,"medium":"https:\/\/backend-ugpe.gov.cv\/wp-content\/uploads\/2023\/05\/IMG_3372-300x200.png","medium-width":300,"medium-height":200,"medium_large":"https:\/\/backend-ugpe.gov.cv\/wp-content\/uploads\/2023\/05\/IMG_3372-768x512.png","medium_large-width":768,"medium_large-height":512,"large":"https:\/\/backend-ugpe.gov.cv\/wp-content\/uploads\/2023\/05\/IMG_3372-1024x683.png","large-width":1024,"large-height":683,"1536x1536":"https:\/\/backend-ugpe.gov.cv\/wp-content\/uploads\/2023\/05\/IMG_3372-1536x1024.png","1536x1536-width":1536,"1536x1536-height":1024,"2048x2048":"https:\/\/backend-ugpe.gov.cv\/wp-content\/uploads\/2023\/05\/IMG_3372.png","2048x2048-width":2048,"2048x2048-height":1365}},"area_de_intervencao_ambiental_e_social":{"ID":4961,"post_author":"10","post_date":"2023-04-19 16:07:12","post_date_gmt":"2023-04-19 17:07:12","post_content":"","post_title":"Complaint Management","post_excerpt":"","post_status":"publish","comment_status":"closed","ping_status":"closed","post_password":"","post_name":"gestao-de-reclamacoes","to_ping":"","pinged":"","post_modified":"2023-05-24 15:09:59","post_modified_gmt":"2023-05-24 16:09:59","post_content_filtered":"","post_parent":0,"guid":"https:\/\/backend-ugpe.gov.cv\/?post_type=ambiental_e_social&#038;p=4961","menu_order":0,"post_type":"ambiental_e_social","post_mime_type":"","comment_count":"0","filter":"raw","post_title_ml":"[:pt]Gest\u00e3o de Reclama\u00e7\u00f5es[:en]Complaint Management[:]","post_title_langs":{"pt":true,"en":true}},"projeto":{"ID":2675,"post_author":"13","post_date":"2022-02-21 09:36:35","post_date_gmt":"2022-02-21 10:36:35","post_content":"","post_title":"Human Capital Project","post_excerpt":"","post_status":"publish","comment_status":"closed","ping_status":"closed","post_password":"","post_name":"projeto-capital-humano","to_ping":"","pinged":"","post_modified":"2026-01-30 09:34:26","post_modified_gmt":"2026-01-30 10:34:26","post_content_filtered":"","post_parent":0,"guid":"https:\/\/backend-ugpe.gov.cv\/?post_type=projetos&#038;p=2675","menu_order":1,"post_type":"projetos","post_mime_type":"","comment_count":"0","filter":"raw","post_title_ml":"[:pt]Projeto Capital Humano[:en]Human Capital Project[:]","post_title_langs":{"pt":true,"en":true}},"galeria":[{"ID":3751,"post_author":"13","post_date":"2022-09-20 11:19:49","post_date_gmt":"2022-09-20 12:19:49","post_content":"","post_title":"Training action for Focal Points for Hospital Waste Management","post_excerpt":"","post_status":"publish","comment_status":"closed","ping_status":"closed","post_password":"","post_name":"acao-de-capacitacao-dos-pontos-focais-para-a-gestao-de-residuos-hospitalares","to_ping":"","pinged":"","post_modified":"2022-09-20 11:19:49","post_modified_gmt":"2022-09-20 12:19:49","post_content_filtered":"","post_parent":0,"guid":"https:\/\/backend-ugpe.gov.cv\/?post_type=eventos&#038;p=3751","menu_order":0,"post_type":"eventos","post_mime_type":"","comment_count":"0","filter":"raw","post_title_ml":"[:pt]A\u00e7\u00e3o de capacita\u00e7\u00e3o dos pontos focais para a Gest\u00e3o de Res\u00edduos Hospitalares[:en]Training action for Focal Points for Hospital Waste Management[:]","post_title_langs":{"pt":true,"en":true}},{"ID":3212,"post_author":"13","post_date":"2022-05-26 10:40:53","post_date_gmt":"2022-05-26 11:40:53","post_content":"","post_title":"World Bank promotes training in \"Procurement\" to improve skills of project managers and beneficiaries in this area","post_excerpt":"","post_status":"publish","comment_status":"closed","ping_status":"closed","post_password":"","post_name":"banco-mundial-promove-formacao-em-procurement-com-intuito-de-aprimorar-competencias-dos-gestores-e-beneficiarios-de-projetos-nesta-area","to_ping":"","pinged":"","post_modified":"2022-05-26 10:40:53","post_modified_gmt":"2022-05-26 11:40:53","post_content_filtered":"","post_parent":0,"guid":"https:\/\/backend-ugpe.gov.cv\/?post_type=eventos&#038;p=3212","menu_order":0,"post_type":"eventos","post_mime_type":"","comment_count":"0","filter":"raw","post_title_ml":"[:pt]Banco Mundial promove forma\u00e7\u00e3o em \u201cProcurement\u201d com intuito de aprimorar compet\u00eancias dos gestores e benefici\u00e1rios de projetos nesta \u00e1rea[:en]World Bank promotes training in \"Procurement\" to improve skills of project managers and beneficiaries in this area[:]","post_title_langs":{"pt":true,"en":true}},{"ID":3391,"post_author":"13","post_date":"2022-07-13 12:51:26","post_date_gmt":"2022-07-13 13:51:26","post_content":"","post_title":"MasterData Project's socialization workshop","post_excerpt":"","post_status":"publish","comment_status":"closed","ping_status":"closed","post_password":"","post_name":"atelier-de-socializacao-do-projecto-masterdata","to_ping":"","pinged":"","post_modified":"2022-07-13 16:36:00","post_modified_gmt":"2022-07-13 17:36:00","post_content_filtered":"","post_parent":0,"guid":"https:\/\/backend-ugpe.gov.cv\/?post_type=eventos&#038;p=3391","menu_order":0,"post_type":"eventos","post_mime_type":"","comment_count":"0","filter":"raw","post_title_ml":"[:pt]Atelier de socializa\u00e7\u00e3o do Projecto MasterData \u2014 cv[:en]MasterData Project's socialization workshop[:]","post_title_langs":{"pt":true,"en":true}},{"ID":3118,"post_author":"13","post_date":"2022-05-25 09:57:10","post_date_gmt":"2022-05-25 10:57:10","post_content":"","post_title":"Launching Ceremony of the Human Capital Project","post_excerpt":"","post_status":"publish","comment_status":"closed","ping_status":"closed","post_password":"","post_name":"cerimonia-de-lancamento-do-projeto-capital-humano","to_ping":"","pinged":"","post_modified":"2022-07-13 17:13:25","post_modified_gmt":"2022-07-13 18:13:25","post_content_filtered":"","post_parent":0,"guid":"https:\/\/backend-ugpe.gov.cv\/?post_type=eventos&#038;p=3118","menu_order":0,"post_type":"eventos","post_mime_type":"","comment_count":"0","filter":"raw","post_title_ml":"[:pt]Cerim\u00f3nia de Lan\u00e7amento do Projeto Capital Humano[:en]Launching Ceremony of the Human Capital Project[:]","post_title_langs":{"pt":true,"en":true}},{"ID":3243,"post_author":"13","post_date":"2022-05-26 11:08:34","post_date_gmt":"2022-05-26 12:08:34","post_content":"","post_title":"Launching Ceremony of the Human Capital Project","post_excerpt":"","post_status":"publish","comment_status":"closed","ping_status":"closed","post_password":"","post_name":"cerimonia-de-lancamento-do-projeto-capital-humano-2","to_ping":"","pinged":"","post_modified":"2022-07-13 16:19:12","post_modified_gmt":"2022-07-13 17:19:12","post_content_filtered":"","post_parent":0,"guid":"https:\/\/backend-ugpe.gov.cv\/?post_type=eventos&#038;p=3243","menu_order":0,"post_type":"eventos","post_mime_type":"","comment_count":"0","filter":"raw","post_title_ml":"[:pt]Cerim\u00f3nia de Lan\u00e7amento do Projeto Capital Humano[:en]Launching Ceremony of the Human Capital Project[:]","post_title_langs":{"pt":true,"en":true}}],"atividade":true},"_links":{"self":[{"href":"https:\/\/backend-ugpe.gov.cv\/en\/wp-json\/wp\/v2\/noticias\/5112","targetHints":{"allow":["GET"]}}],"collection":[{"href":"https:\/\/backend-ugpe.gov.cv\/en\/wp-json\/wp\/v2\/noticias"}],"about":[{"href":"https:\/\/backend-ugpe.gov.cv\/en\/wp-json\/wp\/v2\/types\/noticias"}],"wp:attachment":[{"href":"https:\/\/backend-ugpe.gov.cv\/en\/wp-json\/wp\/v2\/media?parent=5112"}],"wp:term":[{"taxonomy":"category","embeddable":true,"href":"https:\/\/backend-ugpe.gov.cv\/en\/wp-json\/wp\/v2\/categories?post=5112"},{"taxonomy":"categoria_da_noticia","embeddable":true,"href":"https:\/\/backend-ugpe.gov.cv\/en\/wp-json\/wp\/v2\/categoria_da_noticia?post=5112"}],"curies":[{"name":"wp","href":"https:\/\/api.w.org\/{rel}","templated":true}]}}