{"id":4757,"date":"2023-03-21T15:10:56","date_gmt":"2023-03-21T16:10:56","guid":{"rendered":"https:\/\/backend-ugpe.gov.cv\/?post_type=noticias&#038;p=4757"},"modified":"2023-05-05T09:07:27","modified_gmt":"2023-05-05T10:07:27","slug":"beneficiarios-do-projeto-inclusao-social-do-municipio-de-sao-filipe-fogo-do-recebem-kits-de-reforco-do-negocio","status":"publish","type":"noticias","link":"https:\/\/backend-ugpe.gov.cv\/en\/noticias\/beneficiarios-do-projeto-inclusao-social-do-municipio-de-sao-filipe-fogo-do-recebem-kits-de-reforco-do-negocio\/","title":{"rendered":"Beneficiaries of the Social Inclusion Project of the Municipality of S\u00e3o Filipe Fogo  receive business strengthening kits"},"content":{"rendered":"<p><\/p>\n<p style=\"text-align: justify;\">This Tuesday, March 21, about 43 beneficiaries of the Municipality of S\u00e3o Filipe &#8211; Fogo, after completing a training course in small business management and entrepreneurship, financial education and social skills, giving them tools to better manage their businesses, received, under the Social Inclusion Project, Productive Inclusion component, business strengthening kits to beneficiaries in the areas of livestock, pastry, agriculture, small business and aesthetics.<\/p>\n<p>&nbsp;<\/p>\n<p style=\"text-align: justify;\">The Social Inclusion Project Manager, Ermelinda Lima, was representing the Special Projects Management Unit, in the kits delivery ceremony, which was chaired by the Minister of Family, Inclusion and Social Development, Fernando El\u00edsio Freire, and co-chaired by the Mayor of S\u00e3o Filipe, Nuias Silva.<\/p>\n<p>&nbsp;<\/p>\n<p style=\"text-align: justify;\">It is important to highlight that in the municipality of S\u00e3o Filipe a total of 227 families are benefiting from the Social Inclusion Project, specifically through the Productive Inclusion component.<\/p>\n<p>&nbsp;<\/p>\n<p style=\"text-align: justify;\">So far, from the 2000 families selected for Productive Inclusion, in the municipalities of Santa Catarina de Santiago, S\u00e3o Salvador do Mundo, Calheta de S\u00e3o Miguel, Santa Cruz, Praia, S\u00e3o Filipe do Fogo, S\u00e3o Vicente, Ribeira Grande de Santo Ant\u00e3o, and Porto Novo, 1756 families have completed the training and 841 families have received business support kits.<\/p>\n<p>&nbsp;<\/p>\n<p style=\"text-align: justify;\">The Social Inclusion Project, financed by the World Bank, has benefited in this pilot phase, about 2,000 (two thousand) families from the 4,500 (four thousand and five hundred) SII beneficiary families, in the Productive Inclusion component. The objective is to strengthen the potential of SII beneficiary families through a set of actions, procedures, instruments and mechanisms, in conjunction with the area of employment and vocational training, enabling them to engage in income generating activities to improve their living conditions.<\/p>\n<p>&nbsp;<\/p>","protected":false},"template":"","meta":{"om_disable_all_campaigns":false,"_mi_skip_tracking":false,"_monsterinsights_sitenote_active":false,"_monsterinsights_sitenote_note":"","_monsterinsights_sitenote_category":0,"site-sidebar-layout":"default","site-content-layout":"default","ast-global-header-display":"","ast-main-header-display":"","ast-hfb-above-header-display":"","ast-hfb-below-header-display":"","ast-hfb-mobile-header-display":"","site-post-title":"","ast-breadcrumbs-content":"","ast-featured-img":"","footer-sml-layout":"","theme-transparent-header-meta":"default","adv-header-id-meta":"","stick-header-meta":"","header-above-stick-meta":"","header-main-stick-meta":"","header-below-stick-meta":""},"categories":[],"categoria_da_noticia":[49],"class_list":["post-4757","noticias","type-noticias","status-publish","hentry","categoria_da_noticia-inclusao-social"],"acf":{"resumo_da_noticia":"","imagem":{"ID":4758,"id":4758,"title":"336761881_747570583451324_4993892620741416216_n","filename":"336761881_747570583451324_4993892620741416216_n.jpg","filesize":105753,"url":"https:\/\/backend-ugpe.gov.cv\/wp-content\/uploads\/2023\/03\/336761881_747570583451324_4993892620741416216_n.jpg","link":"https:\/\/backend-ugpe.gov.cv\/en\/noticias\/beneficiarios-do-projeto-inclusao-social-do-municipio-de-sao-filipe-fogo-do-recebem-kits-de-reforco-do-negocio\/336761881_747570583451324_4993892620741416216_n\/","alt":"336761881_747570583451324_4993892620741416216_n","author":"13","description":"336761881_747570583451324_4993892620741416216_n","caption":"336761881_747570583451324_4993892620741416216_n","name":"336761881_747570583451324_4993892620741416216_n","status":"inherit","uploaded_to":4757,"date":"2023-03-21 16:10:38","modified":"2023-03-21 16:10:51","menu_order":0,"mime_type":"image\/jpeg","type":"image","subtype":"jpeg","icon":"https:\/\/backend-ugpe.gov.cv\/wp-includes\/images\/media\/default.png","width":960,"height":679,"sizes":{"thumbnail":"https:\/\/backend-ugpe.gov.cv\/wp-content\/uploads\/2023\/03\/336761881_747570583451324_4993892620741416216_n-150x150.jpg","thumbnail-width":150,"thumbnail-height":150,"medium":"https:\/\/backend-ugpe.gov.cv\/wp-content\/uploads\/2023\/03\/336761881_747570583451324_4993892620741416216_n-300x212.jpg","medium-width":300,"medium-height":212,"medium_large":"https:\/\/backend-ugpe.gov.cv\/wp-content\/uploads\/2023\/03\/336761881_747570583451324_4993892620741416216_n-768x543.jpg","medium_large-width":768,"medium_large-height":543,"large":"https:\/\/backend-ugpe.gov.cv\/wp-content\/uploads\/2023\/03\/336761881_747570583451324_4993892620741416216_n.jpg","large-width":960,"large-height":679,"1536x1536":"https:\/\/backend-ugpe.gov.cv\/wp-content\/uploads\/2023\/03\/336761881_747570583451324_4993892620741416216_n.jpg","1536x1536-width":960,"1536x1536-height":679,"2048x2048":"https:\/\/backend-ugpe.gov.cv\/wp-content\/uploads\/2023\/03\/336761881_747570583451324_4993892620741416216_n.jpg","2048x2048-width":960,"2048x2048-height":679}},"atividade":false},"_links":{"self":[{"href":"https:\/\/backend-ugpe.gov.cv\/en\/wp-json\/wp\/v2\/noticias\/4757","targetHints":{"allow":["GET"]}}],"collection":[{"href":"https:\/\/backend-ugpe.gov.cv\/en\/wp-json\/wp\/v2\/noticias"}],"about":[{"href":"https:\/\/backend-ugpe.gov.cv\/en\/wp-json\/wp\/v2\/types\/noticias"}],"wp:attachment":[{"href":"https:\/\/backend-ugpe.gov.cv\/en\/wp-json\/wp\/v2\/media?parent=4757"}],"wp:term":[{"taxonomy":"category","embeddable":true,"href":"https:\/\/backend-ugpe.gov.cv\/en\/wp-json\/wp\/v2\/categories?post=4757"},{"taxonomy":"categoria_da_noticia","embeddable":true,"href":"https:\/\/backend-ugpe.gov.cv\/en\/wp-json\/wp\/v2\/categoria_da_noticia?post=4757"}],"curies":[{"name":"wp","href":"https:\/\/api.w.org\/{rel}","templated":true}]}}