{"id":4693,"date":"2023-03-15T09:16:40","date_gmt":"2023-03-15T10:16:40","guid":{"rendered":"https:\/\/backend-ugpe.gov.cv\/?post_type=noticias&#038;p=4693"},"modified":"2023-05-04T15:06:24","modified_gmt":"2023-05-04T16:06:24","slug":"presidente-da-republica-de-sao-tome-e-principe-efetua-visita-ao-nosi","status":"publish","type":"noticias","link":"https:\/\/backend-ugpe.gov.cv\/en\/noticias\/presidente-da-republica-de-sao-tome-e-principe-efetua-visita-ao-nosi\/","title":{"rendered":"President of the Republic of S\u00e3o Tom\u00e9 and Pr\u00edncipe pays a visit to NOSi"},"content":{"rendered":"<p><\/p>\n<p style=\"text-align: justify;\">The President of the Republic of Sao Tome and Principe, who is in Cape Verde for an official four-day visit at the invitation of his counterpart, Jos\u00e9 Maria Neves, was in the afternoon of Tuesday, March 14, at the NOSI Data Center, accompanied by Deputy Prime Minister and Minister of Finance and Business Development, Olavo Correia and his entourage.<\/p>\n<p>&nbsp;<\/p>\n<p style=\"text-align: justify;\">The Special Projects Management Unit was represented by the Coordinator, Nuno Gomes and the Technological Park Project Manager, Carlos Delgado.<\/p>\n<p>&nbsp;<\/p>\n<p style=\"text-align: justify;\">On the occasion the President of the Republic of S\u00e3o Tom\u00e9 and Pr\u00edncipe, Carlos Vila Nova had the opportunity to attend the presentation on &#8220;State of the Art of Cybersecurity.<\/p>\n<p style=\"text-align: justify;\">\n<p><\/p>","protected":false},"template":"","meta":{"om_disable_all_campaigns":false,"_mi_skip_tracking":false,"_monsterinsights_sitenote_active":false,"_monsterinsights_sitenote_note":"","_monsterinsights_sitenote_category":0,"site-sidebar-layout":"default","site-content-layout":"default","ast-global-header-display":"","ast-main-header-display":"","ast-hfb-above-header-display":"","ast-hfb-below-header-display":"","ast-hfb-mobile-header-display":"","site-post-title":"","ast-breadcrumbs-content":"","ast-featured-img":"","footer-sml-layout":"","theme-transparent-header-meta":"default","adv-header-id-meta":"","stick-header-meta":"","header-above-stick-meta":"","header-main-stick-meta":"","header-below-stick-meta":""},"categories":[],"categoria_da_noticia":[83],"class_list":["post-4693","noticias","type-noticias","status-publish","hentry","categoria_da_noticia-parque-tecnologico"],"acf":{"resumo_da_noticia":"","imagem":{"ID":4692,"id":4692,"title":"IMG_2757","filename":"IMG_2757-1.png","filesize":27783498,"url":"https:\/\/backend-ugpe.gov.cv\/wp-content\/uploads\/2023\/03\/IMG_2757-1.png","link":"https:\/\/backend-ugpe.gov.cv\/en\/noticias\/presidente-da-republica-de-sao-tome-e-principe-efetua-visita-ao-nosi\/img_2757-2\/","alt":"IMG_2757","author":"13","description":"IMG_2757","caption":"IMG_2757","name":"img_2757-2","status":"inherit","uploaded_to":4693,"date":"2023-03-15 09:50:36","modified":"2023-04-19 18:18:28","menu_order":0,"mime_type":"image\/png","type":"image","subtype":"png","icon":"https:\/\/backend-ugpe.gov.cv\/wp-includes\/images\/media\/default.png","width":6000,"height":4000,"sizes":{"thumbnail":"https:\/\/backend-ugpe.gov.cv\/wp-content\/uploads\/2023\/03\/IMG_2757-1-150x150.png","thumbnail-width":150,"thumbnail-height":150,"medium":"https:\/\/backend-ugpe.gov.cv\/wp-content\/uploads\/2023\/03\/IMG_2757-1-300x200.png","medium-width":300,"medium-height":200,"medium_large":"https:\/\/backend-ugpe.gov.cv\/wp-content\/uploads\/2023\/03\/IMG_2757-1-768x512.png","medium_large-width":768,"medium_large-height":512,"large":"https:\/\/backend-ugpe.gov.cv\/wp-content\/uploads\/2023\/03\/IMG_2757-1-1024x683.png","large-width":1024,"large-height":683,"1536x1536":"https:\/\/backend-ugpe.gov.cv\/wp-content\/uploads\/2023\/03\/IMG_2757-1-1536x1024.png","1536x1536-width":1536,"1536x1536-height":1024,"2048x2048":"https:\/\/backend-ugpe.gov.cv\/wp-content\/uploads\/2023\/03\/IMG_2757-1.png","2048x2048-width":2048,"2048x2048-height":1365}},"projeto":false,"galeria":false,"atividade":false},"_links":{"self":[{"href":"https:\/\/backend-ugpe.gov.cv\/en\/wp-json\/wp\/v2\/noticias\/4693","targetHints":{"allow":["GET"]}}],"collection":[{"href":"https:\/\/backend-ugpe.gov.cv\/en\/wp-json\/wp\/v2\/noticias"}],"about":[{"href":"https:\/\/backend-ugpe.gov.cv\/en\/wp-json\/wp\/v2\/types\/noticias"}],"wp:attachment":[{"href":"https:\/\/backend-ugpe.gov.cv\/en\/wp-json\/wp\/v2\/media?parent=4693"}],"wp:term":[{"taxonomy":"category","embeddable":true,"href":"https:\/\/backend-ugpe.gov.cv\/en\/wp-json\/wp\/v2\/categories?post=4693"},{"taxonomy":"categoria_da_noticia","embeddable":true,"href":"https:\/\/backend-ugpe.gov.cv\/en\/wp-json\/wp\/v2\/categoria_da_noticia?post=4693"}],"curies":[{"name":"wp","href":"https:\/\/api.w.org\/{rel}","templated":true}]}}